{"id":16,"date":"2022-04-18T11:08:13","date_gmt":"2022-04-18T15:08:13","guid":{"rendered":"https:\/\/blog.venenlinea.com\/?p=16"},"modified":"2022-04-18T11:36:50","modified_gmt":"2022-04-18T15:36:50","slug":"16","status":"publish","type":"post","link":"https:\/\/blog.venenlinea.com\/index.php\/2022\/04\/18\/16\/","title":{"rendered":"Abril: un mes para celebrar la existencia de las dantas"},"content":{"rendered":"<p><img loading=\"lazy\" decoding=\"async\" src=\"https:\/\/blog.venenlinea.com\/wp-content\/uploads\/2022\/04\/MES-DEL-TAPIR-1024x1013.jpg\" alt=\"\" width=\"580\" height=\"574\" class=\"aligncenter size-large wp-image-21\" srcset=\"https:\/\/blog.venenlinea.com\/wp-content\/uploads\/2022\/04\/MES-DEL-TAPIR-1024x1013.jpg 1024w, https:\/\/blog.venenlinea.com\/wp-content\/uploads\/2022\/04\/MES-DEL-TAPIR-300x297.jpg 300w, https:\/\/blog.venenlinea.com\/wp-content\/uploads\/2022\/04\/MES-DEL-TAPIR-768x760.jpg 768w, https:\/\/blog.venenlinea.com\/wp-content\/uploads\/2022\/04\/MES-DEL-TAPIR-1200x1187.jpg 1200w, https:\/\/blog.venenlinea.com\/wp-content\/uploads\/2022\/04\/MES-DEL-TAPIR.jpg 1500w\" sizes=\"auto, (max-width: 580px) 100vw, 580px\" \/><\/p>\n<p>April (Abril en espa\u00f1ol) es el nombre que le fue dado a una danta o tapir centroamericano (<em>Tapirus bairdii<\/em>) que lleg\u00f3 al Zool\u00f3gico de Belice el 27 de abril de 1983, cuando era casi una beb\u00e9 y estaba muy enferma. La se\u00f1ora Sharon Matola, encargada del zool\u00f3gico, la cuid\u00f3 para que recuperara su salud.<br \/>\n&nbsp;<br \/>\nCon el tiempo April se volvi\u00f3 la gran consentida del Zoo y por eso cada 27 de abril se realizaba una fiesta para celebrar su \u00abcumplea\u00f1os\u00bb y concienciar a los visitantes sobre la importancia de proteger a sus parientes silvestres. Para la fiesta se preparaba un pastel con sus alimentos preferidos y se invitaba a la comunidad, especialmente a los ni\u00f1os y ni\u00f1as, a participar de esa celebraci\u00f3n. Tambi\u00e9n durante esa fecha se realizaban diversas actividades y juegos educativos para los asistentes.<br \/>\n&nbsp;<br \/>\nApril se convirti\u00f3 en una embajadora de la conservaci\u00f3n de las dantas y tuvo una vida feliz hasta su muerte a los 30 a\u00f1os de edad el 31 de octubre de 2013, que es m\u00e1s o menos lo m\u00e1ximo que pueden vivir estas magn\u00edficas criaturas.\u200b<br \/>\n&nbsp;<br \/>\nEn conmemoraci\u00f3n a la fecha de ingreso de April al zoo, cada 27 de abril se celebra el\u00a0<strong>D\u00eda Nacional del Tapir en Belice<\/strong>\u00a0y el\u00a0<strong><a href=\"https:\/\/www.tapirday.org\/\">D\u00eda Mundial del Tapir<\/a><\/strong>\u00a0a nivel internacional.<br \/>\n&nbsp;<br \/>\nLa idea de usar esa misma fecha para celebrar el\u00a0<strong><a href=\"https:\/\/www.tapirday.org\/\">D\u00eda Mundial del Tapir<\/a><\/strong>\u00a0surgi\u00f3 en Inglaterra y comenz\u00f3 desde el a\u00f1o 2014. La intenci\u00f3n de esta celebraci\u00f3n es concienciar a la mayor\u00eda de las personas sobre la imperiosa necesidad de proteger a todos los miembros de la familia de los\u00a0<strong><a href=\"https:\/\/lacasadeltapir.blogspot.com\/p\/conoce-los-tapires.html\">tapires o dantas<\/a><\/strong>, actualmente muy amenazados de extinci\u00f3n.<br \/>\n&nbsp;<br \/>\n<img loading=\"lazy\" decoding=\"async\" src=\"https:\/\/blog.venenlinea.com\/wp-content\/uploads\/2022\/04\/MES-DEL-TAPIR_03-1024x1013.jpg\" alt=\"\" width=\"580\" height=\"574\" class=\"aligncenter size-large wp-image-24\" srcset=\"https:\/\/blog.venenlinea.com\/wp-content\/uploads\/2022\/04\/MES-DEL-TAPIR_03-1024x1013.jpg 1024w, https:\/\/blog.venenlinea.com\/wp-content\/uploads\/2022\/04\/MES-DEL-TAPIR_03-300x297.jpg 300w, https:\/\/blog.venenlinea.com\/wp-content\/uploads\/2022\/04\/MES-DEL-TAPIR_03-768x760.jpg 768w, https:\/\/blog.venenlinea.com\/wp-content\/uploads\/2022\/04\/MES-DEL-TAPIR_03-1200x1187.jpg 1200w, https:\/\/blog.venenlinea.com\/wp-content\/uploads\/2022\/04\/MES-DEL-TAPIR_03.jpg 1500w\" sizes=\"auto, (max-width: 580px) 100vw, 580px\" \/><br \/>\nLos principales h\u00e1bitats de estas criaturas son los bosques tropicales de Am\u00e9rica y el sur de Asia, lo que las hace particularmente vulnerables por la deforestaci\u00f3n que afecta estas regiones. La extinci\u00f3n de los tapires traer\u00eda consecuencias graves para el equilibrio natural del planeta. Como parte de sus h\u00e1bitos naturales, estos animales son claves en la dispersi\u00f3n de semillas de muchas plantas, y en consecuencia ellos contribuyen con la estabilidad y expansi\u00f3n de los bosques y sabanas que influyen en regular los ciclos del agua y el clima global.<br \/>\n&nbsp;<br \/>\nMuchas personas desconocen a los tapires y su importancia, lo que significa que est\u00e1n ignorando una parte especial de nuestro planeta. Tan desconocidos son estos animales que quienes visitan los zool\u00f3gicos los confunden frecuentemente con el oso hormiguero gigante y el hipop\u00f3tamo, entre otras especies. Esto es un problema incluso en aquellas \u00e1reas donde forman parte de la fauna nativa. Ante esta necesidad de educar y concienciar a la mayor\u00eda de las personas, en \u201c<strong><a href=\"https:\/\/lacasadeltapir.blogspot.com\/\">La Casa del Tapir<\/a><\/strong>\u201d consideramos que un solo d\u00eda no era suficiente para honrar y destacar la importancia de las dantas. Es as\u00ed como desde el a\u00f1o 2021 dimos inicio a la celebraci\u00f3n del\u00a0<strong><a href=\"https:\/\/lacasadeltapir.blogspot.com\/2021\/10\/tenemos-miembros-honorarios.html\">MES DE LAS DANTAS O TAPIRES<\/a><\/strong>.<br \/>\n&nbsp;<br \/>\nEn el marco de estos 30 d\u00edas de celebraci\u00f3n, este a\u00f1o contamos con tres importantes aliados en Venezuela: la\u00a0<strong><a href=\"http:\/\/www.instagram.com\/guarenasrepano\">Fundaci\u00f3n Guarenas Repano<\/a>,\u00a0<\/strong>la<strong>\u00a0<a href=\"http:\/\/www.intagram.com\/fundacion_esfera\">Fundaci\u00f3n Esfera<\/a>\u00a0<\/strong>y\u00a0la\u00a0<strong><a href=\"https:\/\/www.guaquira.net\/\">Fundaci\u00f3n Gu\u00e1quira<\/a>\u00a0<\/strong>y las valiosas contribuciones de<strong>\u00a0nuestros miembros honorarios\u00a0Gillian O&#8217;Grady,\u00a0Christina L\u00f6nnblad,\u00a0Kai Tubbesing\u00a0<\/strong>adem\u00e1s de\u00a0<strong>Katarina Fisher y Kathrin Lipsius<\/strong>. A trav\u00e9s de nuestras redes sociales compartiremos particularmente una serie de fichas con datos claves o curiosos sobre las dantas, las cuales podr\u00e1n ser coleccionadas para conformar una fuente b\u00e1sica de informaci\u00f3n o para usarse como herramienta educativa a favor de la conservaci\u00f3n de estas criaturas extraordinarias.<br \/>\n&nbsp;<br \/>\nAprovechamos para compartir ac\u00e1 las primeras fichas y te invitamos a seguir la publicaci\u00f3n diaria de las dem\u00e1s a trav\u00e9s de nuestras redes:<\/p>\n<p><strong><a href=\"http:\/\/www.facebook.com\/LaCasaDelTapir\">www.facebook.com\/LaCasaDelTapir<\/a><\/strong><\/p>\n<p><strong><a href=\"http:\/\/www.instagram.com\/lacasadeltapir\">www.instagram.com\/lacasadeltapir<\/a><\/strong><\/p>\n<p><strong><a href=\"http:\/\/www.instagram.com\/guarenasrepano\">www.instagram.com\/guarenasrepano<\/a><\/strong><\/p>\n<p><strong><a href=\"http:\/\/www.instagram.com\/fundacion_esfera\">www.instagram.com\/fundacion_esfera<\/a><\/strong><\/p>\n<p><strong><a href=\"http:\/\/www.instagram.com\/lacasadeltapir\">www.instagram.com\/lacasadeltapir<\/a><\/strong><\/p>\n<p><strong><a href=\"http:\/\/www.instagram.com\/estacion.ecologica.guaquira\">www.instagram.com\/estacion.ecologica.guaquira<\/a><\/strong><br \/>\n&nbsp;<br \/>\n<img loading=\"lazy\" decoding=\"async\" src=\"https:\/\/blog.venenlinea.com\/wp-content\/uploads\/2022\/04\/tapir.jpg\" alt=\"\" width=\"1000\" height=\"673\" class=\"aligncenter size-full wp-image-27\" srcset=\"https:\/\/blog.venenlinea.com\/wp-content\/uploads\/2022\/04\/tapir.jpg 1000w, https:\/\/blog.venenlinea.com\/wp-content\/uploads\/2022\/04\/tapir-300x202.jpg 300w, https:\/\/blog.venenlinea.com\/wp-content\/uploads\/2022\/04\/tapir-768x517.jpg 768w\" sizes=\"auto, (max-width: 1000px) 100vw, 1000px\" \/><br \/>\n<strong>\u00bfTe animas a celebrar el Mes de Los Tapires o Dantas?<\/strong><br \/>\nEsto puede ser tan simple como buscar alg\u00fan libro o en Internet informaci\u00f3n sobre las especies de dantas y familiarizarte con el papel que desempe\u00f1an en tu entorno dom\u00e9stico (pa\u00eds o regi\u00f3n). Si tienes ganas de dar un paso m\u00e1s en esta celebraci\u00f3n, puedes salir y ayudar a crear conciencia organizando eventos (charlas, concursos de dibujo y pintura, presentaciones p\u00fablicas de documentales o pel\u00edculas donde aparezcan dantas, por ejemplo\u00a0<strong><a href=\"https:\/\/es.wikipedia.org\/wiki\/R%C3%ADo_2\">RIO 2<\/a><\/strong>\u00a0o\u00a0<strong><a href=\"https:\/\/es.wikipedia.org\/wiki\/Encanto_(pel%C3%ADcula)\">ENCANTO<\/a><\/strong>) en tu escuela local o en tu comunidad.<\/p>\n<p>Tambi\u00e9n puedes visitar el zool\u00f3gico de tu ciudad para verificar si tienen tapires, y si los hay, podr\u00e1s apreciar el espect\u00e1culo de verlos en vivo y ayudar a crear conciencia entre los visitantes del zool\u00f3gico sobre su importancia y conservaci\u00f3n.<\/p>\n<p>Tambi\u00e9n puedes contribuir mediante alguna donaci\u00f3n a organizaciones (como\u00a0<strong><a href=\"https:\/\/lacasadeltapir.blogspot.com\/p\/apoyanos.html\">La Casa del Tapir<\/a><\/strong>) que trabajan para proteger a las dantas y sus hogares naturales.<\/p>\n<p>Abril es \u00a1el mes de las dantas, de la Tierra, de la vida&#8230; vamos a celebrarlo con entusiasmo y recuerda estar siempre \u00a1feliz como un tapir!<\/p>\n<p>Autor: Denis Alexander Torres, M\u00e9rida, M\u00e9rida, Venezuela<\/p>\n","protected":false},"excerpt":{"rendered":"<p>April (Abril en espa\u00f1ol) es el nombre que le fue dado a una danta o tapir centroamericano (Tapirus bairdii) que lleg\u00f3 al Zool\u00f3gico de Belice el 27 de abril de 1983, cuando era casi una beb\u00e9 y estaba muy enferma. La se\u00f1ora Sharon Matola, encargada del zool\u00f3gico, la cuid\u00f3 para que recuperara su salud. &nbsp; [&hellip;]<\/p>\n","protected":false},"author":1,"featured_media":0,"comment_status":"open","ping_status":"open","sticky":false,"template":"","format":"standard","meta":{"footnotes":""},"categories":[4,5],"tags":[],"class_list":["post-16","post","type-post","status-publish","format-standard","hentry","category-conservacion","category-dantas"],"_links":{"self":[{"href":"https:\/\/blog.venenlinea.com\/index.php\/wp-json\/wp\/v2\/posts\/16","targetHints":{"allow":["GET"]}}],"collection":[{"href":"https:\/\/blog.venenlinea.com\/index.php\/wp-json\/wp\/v2\/posts"}],"about":[{"href":"https:\/\/blog.venenlinea.com\/index.php\/wp-json\/wp\/v2\/types\/post"}],"author":[{"embeddable":true,"href":"https:\/\/blog.venenlinea.com\/index.php\/wp-json\/wp\/v2\/users\/1"}],"replies":[{"embeddable":true,"href":"https:\/\/blog.venenlinea.com\/index.php\/wp-json\/wp\/v2\/comments?post=16"}],"version-history":[{"count":9,"href":"https:\/\/blog.venenlinea.com\/index.php\/wp-json\/wp\/v2\/posts\/16\/revisions"}],"predecessor-version":[{"id":28,"href":"https:\/\/blog.venenlinea.com\/index.php\/wp-json\/wp\/v2\/posts\/16\/revisions\/28"}],"wp:attachment":[{"href":"https:\/\/blog.venenlinea.com\/index.php\/wp-json\/wp\/v2\/media?parent=16"}],"wp:term":[{"taxonomy":"category","embeddable":true,"href":"https:\/\/blog.venenlinea.com\/index.php\/wp-json\/wp\/v2\/categories?post=16"},{"taxonomy":"post_tag","embeddable":true,"href":"https:\/\/blog.venenlinea.com\/index.php\/wp-json\/wp\/v2\/tags?post=16"}],"curies":[{"name":"wp","href":"https:\/\/api.w.org\/{rel}","templated":true}]}}